{"id":920,"date":"2024-06-25T18:00:00","date_gmt":"2024-06-25T16:00:00","guid":{"rendered":"https:\/\/www.dpsg-schwabachgrund.de\/?p=920"},"modified":"2024-06-24T18:36:14","modified_gmt":"2024-06-24T16:36:14","slug":"woechenende-am-dechsendorfer-weiher","status":"publish","type":"post","link":"https:\/\/www.dpsg-schwabachgrund.de\/?p=920","title":{"rendered":"W\u00f6chenende am Dechsendorfer Weiher"},"content":{"rendered":"\n<p>Um die W\u00f6lflinge auf das bevorstehende Bezirkslager vorzubereiten und einander bekannt zu machen, organisierte unser W\u00f6-BAK ein gemeinsames Bezirks-W\u00f6lflings-Wochenende. Gemeinsam machten sich die W\u00f6lflingsmeuten aus vier St\u00e4mmen des Bezirks auf nach Dechsendorf.<\/p>\n\n\n\n<p>Kaum angekommen folgte schon die erste Herausforderung f\u00fcr die Kleinen \u2013 das ganze Gep\u00e4ck muss einmal um den Weiher zum Zeltplatz getragen werden. Mit mehr oder weniger gut gepacktem Rucksack oder weit interpretierten Formen ebendiesem wurde nebst verwunderten Blicken von Spazierg\u00e4ngern und Strandgenie\u00dfern losgewandert. Ohne Murren und Meckern sind in k\u00fcrzester Zeit alle W\u00f6s und Leitenden wohlbehaftet am Zeltplatz angekommen. Vor Ort waren zum Gl\u00fcck schon das Leitendenzelt sowie das K\u00fcchenzelt fertig aufgebaut. So musste die heitere Truppe nur noch die eigenen Schlafzelte aufstellen. Doch mithilfe pr\u00e4ziser Anweisung und keinerlei Meinungsverschiedenheiten der verschiedenen St\u00e4mme standen auch diese Zelte in Windeseile.<\/p>\n\n\n\n<p>Nach dem Abendessen folgte auch schon das gemeinsame Lagerfeuer \u2013 zu dessen Stelle die Meuten auch wieder ein St\u00fcckchen laufen mussten. Doch dort wartete ein kleines Eis f\u00fcr jeden und jede Menge guter Laune beim Singen zur Gitarre. Damit ging der erste Tag zu Ende.<\/p>\n\n\n\n<p>Am zweiten Tag stand viel Programm auf der Tagesordnung. Nach Aufwachen, Fr\u00fchst\u00fcck und Morgenrunde, gings gleich wieder los Richtung Wald. Denn am Vormittag durften die W\u00f6lflinge gemeinsam bei \u201eCapture the Flag\u201c gegeneinander antreten. Nach viel Gerangel und Fahnenstehlen waren alle ziemlich ersch\u00f6pft und st\u00e4rkten sich wieder zur\u00fcck am Zeltplatz. Dank des warmen und sonnigen Wetters und der praktischen Lage am Weiher, darf eine nasse Abk\u00fchlung nat\u00fcrlich nicht fehlen. So konnten die W\u00f6s am Nachmittag entweder rein ins k\u00fchle Wasser und sich austoben oder erstmal ein kleines B\u00f6tchen aus Holz und anderen rumliegenden Naturstoffen bauen und anschlie\u00dfend dessen Treibkraft testen. Erfrischt und frisch geduscht ging es danach zum Abendessen und anschlie\u00dfend wurde der Abend wieder mit Lagerfeuer und Gitarre ausgeklungen, bevor es am n\u00e4chsten Tag wieder nachhause ging.<\/p>\n\n\n\n<p>Insgesamt hatten die W\u00f6s eine richtige gute Zeit und sind nun perfekt gewappnet f\u00fcr das Bezirkslager im Sommer! Denn wie ist die Stimmung? \u2013 Spitze!<\/p>\n\n\n\n<div class=\"wp-block-columns is-layout-flex wp-container-core-columns-is-layout-9d6595d7 wp-block-columns-is-layout-flex\">\n<div class=\"wp-block-column is-layout-flow wp-block-column-is-layout-flow\" style=\"flex-basis:100%\">\n<div class=\"wp-block-group\"><div class=\"wp-block-group__inner-container is-layout-constrained wp-block-group-is-layout-constrained\">\n<div class=\"wp-block-group is-vertical is-layout-flex wp-container-core-group-is-layout-8cf370e7 wp-block-group-is-layout-flex\">\n<div class=\"wp-block-columns is-layout-flex wp-container-core-columns-is-layout-9d6595d7 wp-block-columns-is-layout-flex\">\n<div class=\"wp-block-column is-layout-flow wp-block-column-is-layout-flow\" style=\"flex-basis:100%\">\n<figure class=\"wp-block-gallery has-nested-images columns-default is-cropped wp-block-gallery-1 is-layout-flex wp-block-gallery-is-layout-flex\">\n<figure class=\"wp-block-image size-large\"><img loading=\"lazy\" decoding=\"async\" width=\"1024\" height=\"683\" data-id=\"921\" src=\"https:\/\/www.dpsg-schwabachgrund.de\/wp-content\/uploads\/2024\/06\/Woe_BezirksWE-04-1024x683.jpg\" alt=\"\" class=\"wp-image-921\" srcset=\"https:\/\/www.dpsg-schwabachgrund.de\/wp-content\/uploads\/2024\/06\/Woe_BezirksWE-04-1024x683.jpg 1024w, https:\/\/www.dpsg-schwabachgrund.de\/wp-content\/uploads\/2024\/06\/Woe_BezirksWE-04-300x200.jpg 300w, https:\/\/www.dpsg-schwabachgrund.de\/wp-content\/uploads\/2024\/06\/Woe_BezirksWE-04-768x512.jpg 768w, https:\/\/www.dpsg-schwabachgrund.de\/wp-content\/uploads\/2024\/06\/Woe_BezirksWE-04-1536x1024.jpg 1536w, https:\/\/www.dpsg-schwabachgrund.de\/wp-content\/uploads\/2024\/06\/Woe_BezirksWE-04-2048x1365.jpg 2048w, https:\/\/www.dpsg-schwabachgrund.de\/wp-content\/uploads\/2024\/06\/Woe_BezirksWE-04-405x270.jpg 405w\" sizes=\"auto, (max-width: 1024px) 100vw, 1024px\" \/><figcaption class=\"wp-element-caption\">Auf dem Weg zum Lagerplatz<\/figcaption><\/figure>\n\n\n\n<figure class=\"wp-block-image size-large\"><img loading=\"lazy\" decoding=\"async\" width=\"1024\" height=\"683\" data-id=\"924\" src=\"https:\/\/www.dpsg-schwabachgrund.de\/wp-content\/uploads\/2024\/06\/Woe_BezirksWE-22-1024x683.jpg\" alt=\"\" class=\"wp-image-924\" srcset=\"https:\/\/www.dpsg-schwabachgrund.de\/wp-content\/uploads\/2024\/06\/Woe_BezirksWE-22-1024x683.jpg 1024w, https:\/\/www.dpsg-schwabachgrund.de\/wp-content\/uploads\/2024\/06\/Woe_BezirksWE-22-300x200.jpg 300w, https:\/\/www.dpsg-schwabachgrund.de\/wp-content\/uploads\/2024\/06\/Woe_BezirksWE-22-768x512.jpg 768w, https:\/\/www.dpsg-schwabachgrund.de\/wp-content\/uploads\/2024\/06\/Woe_BezirksWE-22-1536x1024.jpg 1536w, https:\/\/www.dpsg-schwabachgrund.de\/wp-content\/uploads\/2024\/06\/Woe_BezirksWE-22-2048x1365.jpg 2048w, https:\/\/www.dpsg-schwabachgrund.de\/wp-content\/uploads\/2024\/06\/Woe_BezirksWE-22-405x270.jpg 405w\" sizes=\"auto, (max-width: 1024px) 100vw, 1024px\" \/><figcaption class=\"wp-element-caption\">Im Bann des Lagerfeuers<\/figcaption><\/figure>\n\n\n\n<figure class=\"wp-block-image size-large is-style-default\"><img loading=\"lazy\" decoding=\"async\" width=\"1024\" height=\"683\" data-id=\"922\" src=\"https:\/\/www.dpsg-schwabachgrund.de\/wp-content\/uploads\/2024\/06\/Woe_BezirksWE-43-1024x683.jpg\" alt=\"\" class=\"wp-image-922\" srcset=\"https:\/\/www.dpsg-schwabachgrund.de\/wp-content\/uploads\/2024\/06\/Woe_BezirksWE-43-1024x683.jpg 1024w, https:\/\/www.dpsg-schwabachgrund.de\/wp-content\/uploads\/2024\/06\/Woe_BezirksWE-43-300x200.jpg 300w, https:\/\/www.dpsg-schwabachgrund.de\/wp-content\/uploads\/2024\/06\/Woe_BezirksWE-43-768x512.jpg 768w, https:\/\/www.dpsg-schwabachgrund.de\/wp-content\/uploads\/2024\/06\/Woe_BezirksWE-43-1536x1024.jpg 1536w, https:\/\/www.dpsg-schwabachgrund.de\/wp-content\/uploads\/2024\/06\/Woe_BezirksWE-43-2048x1365.jpg 2048w, https:\/\/www.dpsg-schwabachgrund.de\/wp-content\/uploads\/2024\/06\/Woe_BezirksWE-43-405x270.jpg 405w\" sizes=\"auto, (max-width: 1024px) 100vw, 1024px\" \/><figcaption class=\"wp-element-caption\">Zelte im Morgengrauen<\/figcaption><\/figure>\n<\/figure>\n<\/div>\n<\/div>\n<\/div>\n<\/div><\/div>\n<\/div>\n<\/div>\n","protected":false},"excerpt":{"rendered":"<p>Um die W\u00f6lflinge auf das bevorstehende Bezirkslager vorzubereiten und einander bekannt zu machen, organisierte unser W\u00f6-BAK ein gemeinsames Bezirks-W\u00f6lflings-Wochenende. Gemeinsam machten sich die W\u00f6lflingsmeuten aus vier St\u00e4mmen des Bezirks auf nach Dechsendorf. Kaum angekommen folgte schon die erste Herausforderung f\u00fcr die Kleinen \u2013 das ganze Gep\u00e4ck muss einmal um den Weiher zum Zeltplatz getragen werden. Mit mehr oder weniger gut gepacktem Rucksack oder weit interpretierten Formen ebendiesem wurde nebst verwunderten Blicken von Spazierg\u00e4ngern und Strandgenie\u00dfern losgewandert. Ohne Murren und Meckern&#8230;<\/p>\n<p class=\"read-more\"><a class=\"btn btn-default\" href=\"https:\/\/www.dpsg-schwabachgrund.de\/?p=920\">Weiterlesen<span class=\"screen-reader-text\"> Weiterlesen<\/span><\/a><\/p>\n","protected":false},"author":1,"featured_media":0,"comment_status":"closed","ping_status":"open","sticky":false,"template":"","format":"standard","meta":{"footnotes":""},"categories":[9,1],"tags":[],"class_list":["post-920","post","type-post","status-publish","format-standard","hentry","category-aktuelles_schwabachgrund","category-allgemein"],"_links":{"self":[{"href":"https:\/\/www.dpsg-schwabachgrund.de\/index.php?rest_route=\/wp\/v2\/posts\/920","targetHints":{"allow":["GET"]}}],"collection":[{"href":"https:\/\/www.dpsg-schwabachgrund.de\/index.php?rest_route=\/wp\/v2\/posts"}],"about":[{"href":"https:\/\/www.dpsg-schwabachgrund.de\/index.php?rest_route=\/wp\/v2\/types\/post"}],"author":[{"embeddable":true,"href":"https:\/\/www.dpsg-schwabachgrund.de\/index.php?rest_route=\/wp\/v2\/users\/1"}],"replies":[{"embeddable":true,"href":"https:\/\/www.dpsg-schwabachgrund.de\/index.php?rest_route=%2Fwp%2Fv2%2Fcomments&post=920"}],"version-history":[{"count":2,"href":"https:\/\/www.dpsg-schwabachgrund.de\/index.php?rest_route=\/wp\/v2\/posts\/920\/revisions"}],"predecessor-version":[{"id":927,"href":"https:\/\/www.dpsg-schwabachgrund.de\/index.php?rest_route=\/wp\/v2\/posts\/920\/revisions\/927"}],"wp:attachment":[{"href":"https:\/\/www.dpsg-schwabachgrund.de\/index.php?rest_route=%2Fwp%2Fv2%2Fmedia&parent=920"}],"wp:term":[{"taxonomy":"category","embeddable":true,"href":"https:\/\/www.dpsg-schwabachgrund.de\/index.php?rest_route=%2Fwp%2Fv2%2Fcategories&post=920"},{"taxonomy":"post_tag","embeddable":true,"href":"https:\/\/www.dpsg-schwabachgrund.de\/index.php?rest_route=%2Fwp%2Fv2%2Ftags&post=920"}],"curies":[{"name":"wp","href":"https:\/\/api.w.org\/{rel}","templated":true}]}}